{"id":1,"date":"2025-10-17T18:04:01","date_gmt":"2025-10-17T18:04:01","guid":{"rendered":"https:\/\/www.tertuliadofado.pt\/web\/?p=1"},"modified":"2026-03-04T12:12:24","modified_gmt":"2026-03-04T12:12:24","slug":"casa-do-alentejo-17-de-outubro-de-2025","status":"publish","type":"post","link":"https:\/\/www.tertuliadofado.pt\/web\/casa-do-alentejo-17-de-outubro-de-2025\/","title":{"rendered":"CASA DO ALENTEJO 17 de Outubro de 2025"},"content":{"rendered":"\r\n<p>Tert\u00falia de homenagem a Manuel Alegre.<\/p>\r\n<p>&nbsp;<\/p>\r\n<p>Algumas palavras do discurso de Manuel Alegre: &#8220;Eu tive o privil\u00e9gio de conviver com os grandes m\u00fasicos de Coimbra &#8211; Fernando Machado Soares, Lu\u00eds G\u00f3is, Fernando Rolim, Ant\u00f3nio Portugal, Sutil Roque, Jos\u00e9 Afonso, Adriano Correia de Oliveira.<\/p>\r\n<p>Estou ligado ao Fado devido \u00e0 poesia que escrevi.<\/p>\r\n<p>Sou cantado em Coimbra, sou cantado em Lisboa.<\/p>\r\n<p><img fetchpriority=\"high\" decoding=\"async\" class=\"alignnone size-full wp-image-1125\" src=\"https:\/\/www.tertuliadofado.pt\/web\/wp-content\/uploads\/2026\/03\/header3.jpg\" alt=\"\" width=\"941\" height=\"355\" srcset=\"https:\/\/www.tertuliadofado.pt\/web\/wp-content\/uploads\/2026\/03\/header3.jpg 941w, https:\/\/www.tertuliadofado.pt\/web\/wp-content\/uploads\/2026\/03\/header3-300x113.jpg 300w, https:\/\/www.tertuliadofado.pt\/web\/wp-content\/uploads\/2026\/03\/header3-768x290.jpg 768w\" sizes=\"(max-width: 941px) 100vw, 941px\" \/><\/p>\r\n","protected":false},"excerpt":{"rendered":"<p>Tert\u00falia de homenagem a Manuel Alegre. &nbsp; Algumas palavras do discurso de Manuel Alegre: &#8220;Eu tive o privil\u00e9gio de conviver com os grandes m\u00fasicos de Coimbra &#8211; Fernando Machado Soares, Lu\u00eds G\u00f3is, Fernando Rolim, Ant\u00f3nio Portugal, Sutil Roque, Jos\u00e9 Afonso, Adriano Correia de Oliveira. Estou ligado ao Fado devido \u00e0 <a class=\"read-more\" href=\"https:\/\/www.tertuliadofado.pt\/web\/casa-do-alentejo-17-de-outubro-de-2025\/\">Read More&#8230;<\/a><\/p>\n","protected":false},"author":2,"featured_media":1188,"comment_status":"open","ping_status":"open","sticky":false,"template":"","format":"standard","meta":{"footnotes":""},"categories":[1],"tags":[64,62,63],"class_list":["post-1","post","type-post","status-publish","format-standard","has-post-thumbnail","hentry","category-atividades","tag-casa-do-alentejo","tag-fado","tag-tertulia"],"aioseo_notices":[],"_links":{"self":[{"href":"https:\/\/www.tertuliadofado.pt\/web\/wp-json\/wp\/v2\/posts\/1","targetHints":{"allow":["GET"]}}],"collection":[{"href":"https:\/\/www.tertuliadofado.pt\/web\/wp-json\/wp\/v2\/posts"}],"about":[{"href":"https:\/\/www.tertuliadofado.pt\/web\/wp-json\/wp\/v2\/types\/post"}],"author":[{"embeddable":true,"href":"https:\/\/www.tertuliadofado.pt\/web\/wp-json\/wp\/v2\/users\/2"}],"replies":[{"embeddable":true,"href":"https:\/\/www.tertuliadofado.pt\/web\/wp-json\/wp\/v2\/comments?post=1"}],"version-history":[{"count":5,"href":"https:\/\/www.tertuliadofado.pt\/web\/wp-json\/wp\/v2\/posts\/1\/revisions"}],"predecessor-version":[{"id":1175,"href":"https:\/\/www.tertuliadofado.pt\/web\/wp-json\/wp\/v2\/posts\/1\/revisions\/1175"}],"wp:featuredmedia":[{"embeddable":true,"href":"https:\/\/www.tertuliadofado.pt\/web\/wp-json\/wp\/v2\/media\/1188"}],"wp:attachment":[{"href":"https:\/\/www.tertuliadofado.pt\/web\/wp-json\/wp\/v2\/media?parent=1"}],"wp:term":[{"taxonomy":"category","embeddable":true,"href":"https:\/\/www.tertuliadofado.pt\/web\/wp-json\/wp\/v2\/categories?post=1"},{"taxonomy":"post_tag","embeddable":true,"href":"https:\/\/www.tertuliadofado.pt\/web\/wp-json\/wp\/v2\/tags?post=1"}],"curies":[{"name":"wp","href":"https:\/\/api.w.org\/{rel}","templated":true}]}}