{"id":1215,"date":"2023-03-03T17:29:16","date_gmt":"2023-03-03T17:29:16","guid":{"rendered":"https:\/\/www.tertuliadofado.pt\/web\/?p=1215"},"modified":"2026-03-05T17:36:06","modified_gmt":"2026-03-05T17:36:06","slug":"1-encontro-2023-cafe-de-la-musique","status":"publish","type":"post","link":"https:\/\/www.tertuliadofado.pt\/web\/1-encontro-2023-cafe-de-la-musique\/","title":{"rendered":"1 ENCONTRO 2023 CAFE DE LA MUSIQUE"},"content":{"rendered":"<p>Destaque para 03 de Mar\u00e7o de 2023<\/p>\n<p><img fetchpriority=\"high\" decoding=\"async\" class=\"alignnone size-full wp-image-1217\" src=\"https:\/\/www.tertuliadofado.pt\/web\/wp-content\/uploads\/2026\/03\/2023-03-03_2.jpg\" alt=\"\" width=\"558\" height=\"372\" srcset=\"https:\/\/www.tertuliadofado.pt\/web\/wp-content\/uploads\/2026\/03\/2023-03-03_2.jpg 558w, https:\/\/www.tertuliadofado.pt\/web\/wp-content\/uploads\/2026\/03\/2023-03-03_2-300x200.jpg 300w, https:\/\/www.tertuliadofado.pt\/web\/wp-content\/uploads\/2026\/03\/2023-03-03_2-370x247.jpg 370w\" sizes=\"(max-width: 558px) 100vw, 558px\" \/> <img decoding=\"async\" class=\"alignnone size-full wp-image-1218\" src=\"https:\/\/www.tertuliadofado.pt\/web\/wp-content\/uploads\/2026\/03\/2023-03-03_3.jpg\" alt=\"\" width=\"558\" height=\"372\" srcset=\"https:\/\/www.tertuliadofado.pt\/web\/wp-content\/uploads\/2026\/03\/2023-03-03_3.jpg 558w, https:\/\/www.tertuliadofado.pt\/web\/wp-content\/uploads\/2026\/03\/2023-03-03_3-300x200.jpg 300w, https:\/\/www.tertuliadofado.pt\/web\/wp-content\/uploads\/2026\/03\/2023-03-03_3-370x247.jpg 370w\" sizes=\"(max-width: 558px) 100vw, 558px\" \/> <img decoding=\"async\" class=\"alignnone size-full wp-image-1219\" src=\"https:\/\/www.tertuliadofado.pt\/web\/wp-content\/uploads\/2026\/03\/2023-03-03_4.jpg\" alt=\"\" width=\"558\" height=\"372\" srcset=\"https:\/\/www.tertuliadofado.pt\/web\/wp-content\/uploads\/2026\/03\/2023-03-03_4.jpg 558w, https:\/\/www.tertuliadofado.pt\/web\/wp-content\/uploads\/2026\/03\/2023-03-03_4-300x200.jpg 300w, https:\/\/www.tertuliadofado.pt\/web\/wp-content\/uploads\/2026\/03\/2023-03-03_4-370x247.jpg 370w\" sizes=\"(max-width: 558px) 100vw, 558px\" \/> <img loading=\"lazy\" decoding=\"async\" class=\"alignnone size-full wp-image-1220\" src=\"https:\/\/www.tertuliadofado.pt\/web\/wp-content\/uploads\/2026\/03\/2023-03-03_5.jpg\" alt=\"\" width=\"558\" height=\"372\" srcset=\"https:\/\/www.tertuliadofado.pt\/web\/wp-content\/uploads\/2026\/03\/2023-03-03_5.jpg 558w, https:\/\/www.tertuliadofado.pt\/web\/wp-content\/uploads\/2026\/03\/2023-03-03_5-300x200.jpg 300w, https:\/\/www.tertuliadofado.pt\/web\/wp-content\/uploads\/2026\/03\/2023-03-03_5-370x247.jpg 370w\" sizes=\"(max-width: 558px) 100vw, 558px\" \/> <img loading=\"lazy\" decoding=\"async\" class=\"alignnone size-full wp-image-1221\" src=\"https:\/\/www.tertuliadofado.pt\/web\/wp-content\/uploads\/2026\/03\/2023-03-03_6.jpg\" alt=\"\" width=\"558\" height=\"372\" srcset=\"https:\/\/www.tertuliadofado.pt\/web\/wp-content\/uploads\/2026\/03\/2023-03-03_6.jpg 558w, https:\/\/www.tertuliadofado.pt\/web\/wp-content\/uploads\/2026\/03\/2023-03-03_6-300x200.jpg 300w, https:\/\/www.tertuliadofado.pt\/web\/wp-content\/uploads\/2026\/03\/2023-03-03_6-370x247.jpg 370w\" sizes=\"(max-width: 558px) 100vw, 558px\" \/> <img loading=\"lazy\" decoding=\"async\" class=\"alignnone size-full wp-image-1222\" src=\"https:\/\/www.tertuliadofado.pt\/web\/wp-content\/uploads\/2026\/03\/2023-03-03_7.jpg\" alt=\"\" width=\"558\" height=\"372\" srcset=\"https:\/\/www.tertuliadofado.pt\/web\/wp-content\/uploads\/2026\/03\/2023-03-03_7.jpg 558w, https:\/\/www.tertuliadofado.pt\/web\/wp-content\/uploads\/2026\/03\/2023-03-03_7-300x200.jpg 300w, https:\/\/www.tertuliadofado.pt\/web\/wp-content\/uploads\/2026\/03\/2023-03-03_7-370x247.jpg 370w\" sizes=\"(max-width: 558px) 100vw, 558px\" \/> <img loading=\"lazy\" decoding=\"async\" class=\"alignnone size-full wp-image-1223\" src=\"https:\/\/www.tertuliadofado.pt\/web\/wp-content\/uploads\/2026\/03\/2023-03-03_8.jpg\" alt=\"\" width=\"558\" height=\"372\" srcset=\"https:\/\/www.tertuliadofado.pt\/web\/wp-content\/uploads\/2026\/03\/2023-03-03_8.jpg 558w, https:\/\/www.tertuliadofado.pt\/web\/wp-content\/uploads\/2026\/03\/2023-03-03_8-300x200.jpg 300w, https:\/\/www.tertuliadofado.pt\/web\/wp-content\/uploads\/2026\/03\/2023-03-03_8-370x247.jpg 370w\" sizes=\"(max-width: 558px) 100vw, 558px\" \/> <img loading=\"lazy\" decoding=\"async\" class=\"alignnone size-full wp-image-1224\" src=\"https:\/\/www.tertuliadofado.pt\/web\/wp-content\/uploads\/2026\/03\/2023-03-03_9.jpg\" alt=\"\" width=\"558\" height=\"372\" srcset=\"https:\/\/www.tertuliadofado.pt\/web\/wp-content\/uploads\/2026\/03\/2023-03-03_9.jpg 558w, https:\/\/www.tertuliadofado.pt\/web\/wp-content\/uploads\/2026\/03\/2023-03-03_9-300x200.jpg 300w, https:\/\/www.tertuliadofado.pt\/web\/wp-content\/uploads\/2026\/03\/2023-03-03_9-370x247.jpg 370w\" sizes=\"(max-width: 558px) 100vw, 558px\" \/> <img loading=\"lazy\" decoding=\"async\" class=\"alignnone size-full wp-image-1225\" src=\"https:\/\/www.tertuliadofado.pt\/web\/wp-content\/uploads\/2026\/03\/2023-03-03_10.jpg\" alt=\"\" width=\"558\" height=\"372\" srcset=\"https:\/\/www.tertuliadofado.pt\/web\/wp-content\/uploads\/2026\/03\/2023-03-03_10.jpg 558w, https:\/\/www.tertuliadofado.pt\/web\/wp-content\/uploads\/2026\/03\/2023-03-03_10-300x200.jpg 300w, https:\/\/www.tertuliadofado.pt\/web\/wp-content\/uploads\/2026\/03\/2023-03-03_10-370x247.jpg 370w\" sizes=\"(max-width: 558px) 100vw, 558px\" \/> <img loading=\"lazy\" decoding=\"async\" class=\"alignnone size-full wp-image-1226\" src=\"https:\/\/www.tertuliadofado.pt\/web\/wp-content\/uploads\/2026\/03\/2023-03-03_11.jpg\" alt=\"\" width=\"558\" height=\"372\" srcset=\"https:\/\/www.tertuliadofado.pt\/web\/wp-content\/uploads\/2026\/03\/2023-03-03_11.jpg 558w, https:\/\/www.tertuliadofado.pt\/web\/wp-content\/uploads\/2026\/03\/2023-03-03_11-300x200.jpg 300w, https:\/\/www.tertuliadofado.pt\/web\/wp-content\/uploads\/2026\/03\/2023-03-03_11-370x247.jpg 370w\" sizes=\"(max-width: 558px) 100vw, 558px\" \/> <img loading=\"lazy\" decoding=\"async\" class=\"alignnone size-full wp-image-1227\" src=\"https:\/\/www.tertuliadofado.pt\/web\/wp-content\/uploads\/2026\/03\/2023-03-03_12.jpg\" alt=\"\" width=\"558\" height=\"372\" srcset=\"https:\/\/www.tertuliadofado.pt\/web\/wp-content\/uploads\/2026\/03\/2023-03-03_12.jpg 558w, https:\/\/www.tertuliadofado.pt\/web\/wp-content\/uploads\/2026\/03\/2023-03-03_12-300x200.jpg 300w, https:\/\/www.tertuliadofado.pt\/web\/wp-content\/uploads\/2026\/03\/2023-03-03_12-370x247.jpg 370w\" sizes=\"(max-width: 558px) 100vw, 558px\" \/><\/p>\n<p>No dia tr\u00eas de Mar\u00e7o de 2023, realizou-se o 1\u00ba Encontro do ano da Tert\u00falia do Fado e&#8230; da Inquieta\u00e7\u00e3o, no Caf\u00e9 de la Musique, em Lisboa.<\/p>\n<p>S\u00f3cios e amigos da Tert\u00falia, em n\u00famero de cento e dez, esgotaram a totalidade dos lugares deste espa\u00e7o, convivendo animadamente tr\u00eas gera\u00e7\u00f5es, com alguns jovens teenagers, a gera\u00e7\u00e3o dos pais e a gera\u00e7\u00e3o dos av\u00f3s.<\/p>\n<p>Foi com alegria que ouvimos duas jovens cantar fado e mostrarem o seu talento promissor.<\/p>\n<p>O programa seguiu o modelo habitual com o jantar conv\u00edvio, em que ouve oportunidade de ouvir algumas mornas pelos artistas da casa.<\/p>\n<p>Ap\u00f3s o jantar seguiu-se o momento de Coimbra, com as vozes de Rodrigo Louren\u00e7o, Manuel Relvas e Fernando Coelho Rosa, e as guitarras de Nuno Cadete, Ant\u00f3nio Sousa Mendes e a viola de Lu\u00eds Martins.<\/p>\n<p>No momento de Lisboa come\u00e7\u00e1mos por ouvir as vozes das jovens teenagers Maria In\u00eas Louren\u00e7o e Mariana Diniz Vieira, seguindo-se as vozes de Catarina Empis, Gra\u00e7a Serr\u00e3o, Lu\u00eds Esteves, Lu\u00edsa Carvalhaes e Anabela Paix\u00e3o. Na guitarra portuguesa Lu\u00eds Ribeiro e na viola de fado Pedro Pinhal.<\/p>\n","protected":false},"excerpt":{"rendered":"<p>Destaque para 03 de Mar\u00e7o de 2023 No dia tr\u00eas de Mar\u00e7o de 2023, realizou-se o 1\u00ba Encontro do ano da Tert\u00falia do Fado e&#8230; da Inquieta\u00e7\u00e3o, no Caf\u00e9 de la Musique, em Lisboa. S\u00f3cios e amigos da Tert\u00falia, em n\u00famero de cento e dez, esgotaram a totalidade dos lugares <a class=\"read-more\" href=\"https:\/\/www.tertuliadofado.pt\/web\/1-encontro-2023-cafe-de-la-musique\/\">Read More&#8230;<\/a><\/p>\n","protected":false},"author":2,"featured_media":1216,"comment_status":"open","ping_status":"open","sticky":false,"template":"","format":"standard","meta":{"footnotes":""},"categories":[1],"tags":[64,62,65,66,63],"class_list":["post-1215","post","type-post","status-publish","format-standard","has-post-thumbnail","hentry","category-atividades","tag-casa-do-alentejo","tag-fado","tag-jantar-de-natal","tag-la-musique","tag-tertulia"],"aioseo_notices":[],"_links":{"self":[{"href":"https:\/\/www.tertuliadofado.pt\/web\/wp-json\/wp\/v2\/posts\/1215","targetHints":{"allow":["GET"]}}],"collection":[{"href":"https:\/\/www.tertuliadofado.pt\/web\/wp-json\/wp\/v2\/posts"}],"about":[{"href":"https:\/\/www.tertuliadofado.pt\/web\/wp-json\/wp\/v2\/types\/post"}],"author":[{"embeddable":true,"href":"https:\/\/www.tertuliadofado.pt\/web\/wp-json\/wp\/v2\/users\/2"}],"replies":[{"embeddable":true,"href":"https:\/\/www.tertuliadofado.pt\/web\/wp-json\/wp\/v2\/comments?post=1215"}],"version-history":[{"count":3,"href":"https:\/\/www.tertuliadofado.pt\/web\/wp-json\/wp\/v2\/posts\/1215\/revisions"}],"predecessor-version":[{"id":1230,"href":"https:\/\/www.tertuliadofado.pt\/web\/wp-json\/wp\/v2\/posts\/1215\/revisions\/1230"}],"wp:featuredmedia":[{"embeddable":true,"href":"https:\/\/www.tertuliadofado.pt\/web\/wp-json\/wp\/v2\/media\/1216"}],"wp:attachment":[{"href":"https:\/\/www.tertuliadofado.pt\/web\/wp-json\/wp\/v2\/media?parent=1215"}],"wp:term":[{"taxonomy":"category","embeddable":true,"href":"https:\/\/www.tertuliadofado.pt\/web\/wp-json\/wp\/v2\/categories?post=1215"},{"taxonomy":"post_tag","embeddable":true,"href":"https:\/\/www.tertuliadofado.pt\/web\/wp-json\/wp\/v2\/tags?post=1215"}],"curies":[{"name":"wp","href":"https:\/\/api.w.org\/{rel}","templated":true}]}}