{"id":1231,"date":"2023-05-21T17:30:21","date_gmt":"2023-05-21T17:30:21","guid":{"rendered":"https:\/\/www.tertuliadofado.pt\/web\/?p=1231"},"modified":"2026-03-05T17:36:02","modified_gmt":"2026-03-05T17:36:02","slug":"apresentacao-cd-fado-oracao-igreja-s-roque","status":"publish","type":"post","link":"https:\/\/www.tertuliadofado.pt\/web\/apresentacao-cd-fado-oracao-igreja-s-roque\/","title":{"rendered":"APRESENTACAO CD FADO ORACAO IGREJA S. ROQUE"},"content":{"rendered":"<p>Destaque para 21 de Maio de 2023<\/p>\n<p><img fetchpriority=\"high\" decoding=\"async\" class=\"alignnone size-full wp-image-1234\" src=\"https:\/\/www.tertuliadofado.pt\/web\/wp-content\/uploads\/2023\/05\/2023-05-21_2.jpg\" alt=\"\" width=\"558\" height=\"372\" srcset=\"https:\/\/www.tertuliadofado.pt\/web\/wp-content\/uploads\/2023\/05\/2023-05-21_2.jpg 558w, https:\/\/www.tertuliadofado.pt\/web\/wp-content\/uploads\/2023\/05\/2023-05-21_2-300x200.jpg 300w, https:\/\/www.tertuliadofado.pt\/web\/wp-content\/uploads\/2023\/05\/2023-05-21_2-370x247.jpg 370w\" sizes=\"(max-width: 558px) 100vw, 558px\" \/> <img decoding=\"async\" class=\"alignnone size-full wp-image-1235\" src=\"https:\/\/www.tertuliadofado.pt\/web\/wp-content\/uploads\/2023\/05\/2023-05-21_3.jpg\" alt=\"\" width=\"558\" height=\"372\" srcset=\"https:\/\/www.tertuliadofado.pt\/web\/wp-content\/uploads\/2023\/05\/2023-05-21_3.jpg 558w, https:\/\/www.tertuliadofado.pt\/web\/wp-content\/uploads\/2023\/05\/2023-05-21_3-300x200.jpg 300w, https:\/\/www.tertuliadofado.pt\/web\/wp-content\/uploads\/2023\/05\/2023-05-21_3-370x247.jpg 370w\" sizes=\"(max-width: 558px) 100vw, 558px\" \/> <img decoding=\"async\" class=\"alignnone size-full wp-image-1236\" src=\"https:\/\/www.tertuliadofado.pt\/web\/wp-content\/uploads\/2023\/05\/2023-05-21_4.jpg\" alt=\"\" width=\"558\" height=\"372\" srcset=\"https:\/\/www.tertuliadofado.pt\/web\/wp-content\/uploads\/2023\/05\/2023-05-21_4.jpg 558w, https:\/\/www.tertuliadofado.pt\/web\/wp-content\/uploads\/2023\/05\/2023-05-21_4-300x200.jpg 300w, https:\/\/www.tertuliadofado.pt\/web\/wp-content\/uploads\/2023\/05\/2023-05-21_4-370x247.jpg 370w\" sizes=\"(max-width: 558px) 100vw, 558px\" \/> <img loading=\"lazy\" decoding=\"async\" class=\"alignnone size-full wp-image-1237\" src=\"https:\/\/www.tertuliadofado.pt\/web\/wp-content\/uploads\/2023\/05\/2023-05-21_5.jpg\" alt=\"\" width=\"558\" height=\"372\" srcset=\"https:\/\/www.tertuliadofado.pt\/web\/wp-content\/uploads\/2023\/05\/2023-05-21_5.jpg 558w, https:\/\/www.tertuliadofado.pt\/web\/wp-content\/uploads\/2023\/05\/2023-05-21_5-300x200.jpg 300w, https:\/\/www.tertuliadofado.pt\/web\/wp-content\/uploads\/2023\/05\/2023-05-21_5-370x247.jpg 370w\" sizes=\"(max-width: 558px) 100vw, 558px\" \/> <img loading=\"lazy\" decoding=\"async\" class=\"alignnone size-full wp-image-1238\" src=\"https:\/\/www.tertuliadofado.pt\/web\/wp-content\/uploads\/2023\/05\/2023-05-21_6.jpg\" alt=\"\" width=\"558\" height=\"372\" srcset=\"https:\/\/www.tertuliadofado.pt\/web\/wp-content\/uploads\/2023\/05\/2023-05-21_6.jpg 558w, https:\/\/www.tertuliadofado.pt\/web\/wp-content\/uploads\/2023\/05\/2023-05-21_6-300x200.jpg 300w, https:\/\/www.tertuliadofado.pt\/web\/wp-content\/uploads\/2023\/05\/2023-05-21_6-370x247.jpg 370w\" sizes=\"(max-width: 558px) 100vw, 558px\" \/> <img loading=\"lazy\" decoding=\"async\" class=\"alignnone size-full wp-image-1239\" src=\"https:\/\/www.tertuliadofado.pt\/web\/wp-content\/uploads\/2023\/05\/2023-05-21_7.jpg\" alt=\"\" width=\"558\" height=\"372\" srcset=\"https:\/\/www.tertuliadofado.pt\/web\/wp-content\/uploads\/2023\/05\/2023-05-21_7.jpg 558w, https:\/\/www.tertuliadofado.pt\/web\/wp-content\/uploads\/2023\/05\/2023-05-21_7-300x200.jpg 300w, https:\/\/www.tertuliadofado.pt\/web\/wp-content\/uploads\/2023\/05\/2023-05-21_7-370x247.jpg 370w\" sizes=\"(max-width: 558px) 100vw, 558px\" \/> <img loading=\"lazy\" decoding=\"async\" class=\"alignnone size-full wp-image-1240\" src=\"https:\/\/www.tertuliadofado.pt\/web\/wp-content\/uploads\/2023\/05\/2023-05-21_8.jpg\" alt=\"\" width=\"558\" height=\"372\" srcset=\"https:\/\/www.tertuliadofado.pt\/web\/wp-content\/uploads\/2023\/05\/2023-05-21_8.jpg 558w, https:\/\/www.tertuliadofado.pt\/web\/wp-content\/uploads\/2023\/05\/2023-05-21_8-300x200.jpg 300w, https:\/\/www.tertuliadofado.pt\/web\/wp-content\/uploads\/2023\/05\/2023-05-21_8-370x247.jpg 370w\" sizes=\"(max-width: 558px) 100vw, 558px\" \/><\/p>\n<p>A Tert\u00falia do Fado e&#8230; da Inquieta\u00e7\u00e3o realizou um Concerto de apresenta\u00e7\u00e3o p\u00fablica do CD duplo FADO ORA\u00c7\u00c3O, na Igreja de S. Roque, em Lisboa, no dia 21 de Maio, de 2023, pelas 17 horas.<\/p>\n<p>Com a Igreja competamente cheia foram apresentados parte dos temas, com o seguinte alinhamento:<\/p>\n<p>Coimbra<\/p>\n<p>Kyrie<\/p>\n<p>Aleluia<\/p>\n<p>Obla\u00e7\u00e3o<\/p>\n<p>Agnus Dei<\/p>\n<p>Lisboa<\/p>\n<p>Deus de Amor e Perd\u00e3o<\/p>\n<p>Bom Pastor<\/p>\n<p>Cordeiro de Deus<\/p>\n<p>C\u00e2ntico de Louvor<\/p>\n<p>Coimbra<\/p>\n<p>Bom Pastor<\/p>\n<p>Tempos de F\u00e9 Partilhada<\/p>\n<p>Hino de Ac\u00e7\u00e3o de Gra\u00e7as<\/p>\n<p>Av\u00e9 Maria<\/p>\n<p>Lisboa<\/p>\n<p>Cristo Antigo<\/p>\n<p>Sentir Tua Presen\u00e7a \u00e9 Gra\u00e7a Tanta<\/p>\n<p>Ora\u00e7\u00e3o Singela<\/p>\n<p>A Minha F\u00e9<\/p>\n<p>Da parte de Coimbra ouviram-se as vozes de Fernando Coelho Rosa, Manuel Relvas e Rodrigo Louren\u00e7o; as guitarras de Nuno Cadete e Ant\u00f3nio Sousa Mendes e a viola de Lu\u00eds Martins.<\/p>\n<p>Da parte de Lisboa cantaram Anabela Paix\u00e3o, Carlos Albino, H\u00e9lder do \u00d3 e Lu\u00edsa Carvalhaes. Na guitarra portuguesa Lu\u00ecs Ribeiro, na viola de fado Pedro Pinhal e na viola baixo Jaime Martins.<\/p>\n<p>&nbsp;<\/p>\n","protected":false},"excerpt":{"rendered":"<p>Destaque para 21 de Maio de 2023 A Tert\u00falia do Fado e&#8230; da Inquieta\u00e7\u00e3o realizou um Concerto de apresenta\u00e7\u00e3o p\u00fablica do CD duplo FADO ORA\u00c7\u00c3O, na Igreja de S. Roque, em Lisboa, no dia 21 de Maio, de 2023, pelas 17 horas. Com a Igreja competamente cheia foram apresentados parte <a class=\"read-more\" href=\"https:\/\/www.tertuliadofado.pt\/web\/apresentacao-cd-fado-oracao-igreja-s-roque\/\">Read More&#8230;<\/a><\/p>\n","protected":false},"author":2,"featured_media":1233,"comment_status":"open","ping_status":"open","sticky":false,"template":"","format":"standard","meta":{"footnotes":""},"categories":[1],"tags":[64,65,63],"class_list":["post-1231","post","type-post","status-publish","format-standard","has-post-thumbnail","hentry","category-atividades","tag-casa-do-alentejo","tag-jantar-de-natal","tag-tertulia"],"aioseo_notices":[],"_links":{"self":[{"href":"https:\/\/www.tertuliadofado.pt\/web\/wp-json\/wp\/v2\/posts\/1231","targetHints":{"allow":["GET"]}}],"collection":[{"href":"https:\/\/www.tertuliadofado.pt\/web\/wp-json\/wp\/v2\/posts"}],"about":[{"href":"https:\/\/www.tertuliadofado.pt\/web\/wp-json\/wp\/v2\/types\/post"}],"author":[{"embeddable":true,"href":"https:\/\/www.tertuliadofado.pt\/web\/wp-json\/wp\/v2\/users\/2"}],"replies":[{"embeddable":true,"href":"https:\/\/www.tertuliadofado.pt\/web\/wp-json\/wp\/v2\/comments?post=1231"}],"version-history":[{"count":2,"href":"https:\/\/www.tertuliadofado.pt\/web\/wp-json\/wp\/v2\/posts\/1231\/revisions"}],"predecessor-version":[{"id":1241,"href":"https:\/\/www.tertuliadofado.pt\/web\/wp-json\/wp\/v2\/posts\/1231\/revisions\/1241"}],"wp:featuredmedia":[{"embeddable":true,"href":"https:\/\/www.tertuliadofado.pt\/web\/wp-json\/wp\/v2\/media\/1233"}],"wp:attachment":[{"href":"https:\/\/www.tertuliadofado.pt\/web\/wp-json\/wp\/v2\/media?parent=1231"}],"wp:term":[{"taxonomy":"category","embeddable":true,"href":"https:\/\/www.tertuliadofado.pt\/web\/wp-json\/wp\/v2\/categories?post=1231"},{"taxonomy":"post_tag","embeddable":true,"href":"https:\/\/www.tertuliadofado.pt\/web\/wp-json\/wp\/v2\/tags?post=1231"}],"curies":[{"name":"wp","href":"https:\/\/api.w.org\/{rel}","templated":true}]}}