{"id":1242,"date":"2023-09-30T17:32:13","date_gmt":"2023-09-30T17:32:13","guid":{"rendered":"https:\/\/www.tertuliadofado.pt\/web\/?p=1242"},"modified":"2026-03-05T17:35:58","modified_gmt":"2026-03-05T17:35:58","slug":"fado-oracao-oliveira-de-frades","status":"publish","type":"post","link":"https:\/\/www.tertuliadofado.pt\/web\/fado-oracao-oliveira-de-frades\/","title":{"rendered":"FADO ORACAO OLIVEIRA DE FRADES"},"content":{"rendered":"<p>Destaque para 30 de Setembro de 2023<\/p>\n<p><img fetchpriority=\"high\" decoding=\"async\" class=\"alignnone size-full wp-image-1245\" src=\"https:\/\/www.tertuliadofado.pt\/web\/wp-content\/uploads\/2026\/03\/2023-09-30_2.jpg\" alt=\"\" width=\"496\" height=\"372\" srcset=\"https:\/\/www.tertuliadofado.pt\/web\/wp-content\/uploads\/2026\/03\/2023-09-30_2.jpg 496w, https:\/\/www.tertuliadofado.pt\/web\/wp-content\/uploads\/2026\/03\/2023-09-30_2-300x225.jpg 300w\" sizes=\"(max-width: 496px) 100vw, 496px\" \/> <img decoding=\"async\" class=\"alignnone size-full wp-image-1246\" src=\"https:\/\/www.tertuliadofado.pt\/web\/wp-content\/uploads\/2026\/03\/2023-09-30_3.jpg\" alt=\"\" width=\"496\" height=\"372\" srcset=\"https:\/\/www.tertuliadofado.pt\/web\/wp-content\/uploads\/2026\/03\/2023-09-30_3.jpg 496w, https:\/\/www.tertuliadofado.pt\/web\/wp-content\/uploads\/2026\/03\/2023-09-30_3-300x225.jpg 300w\" sizes=\"(max-width: 496px) 100vw, 496px\" \/> <img decoding=\"async\" class=\"alignnone size-full wp-image-1247\" src=\"https:\/\/www.tertuliadofado.pt\/web\/wp-content\/uploads\/2026\/03\/2023-09-30_4.jpg\" alt=\"\" width=\"496\" height=\"372\" srcset=\"https:\/\/www.tertuliadofado.pt\/web\/wp-content\/uploads\/2026\/03\/2023-09-30_4.jpg 496w, https:\/\/www.tertuliadofado.pt\/web\/wp-content\/uploads\/2026\/03\/2023-09-30_4-300x225.jpg 300w\" sizes=\"(max-width: 496px) 100vw, 496px\" \/><\/p>\n<p>O grupo de Coimbra do Fado Ora\u00e7\u00e3o cantou na missa da b\u00ean\u00e7\u00e3o dos novos estudantes universit\u00e1rios, em Oliveira de Frades, no dia 30 de setembro de 2023. Como novidade, que contribuiu para a melhoria do conjunto, o Coro Local, dirigido por Clara Vieira, cantou as partes de coro dos temas. Tal facto est\u00e1 na linha do conceito inicial deste projecto, que pretendia fazer a ponte entre o canto individual, pr\u00f3prio do Fado, e o canto colectivo, pr\u00f3prio da Assembleia Eclesial.<\/p>\n<p>Nas vozes estiveram Fernando Coelho Rosa e Manuel Relvas e nas guitarras Nuno Cadete e Ant\u00f3nio Sousa Mendes e na viola Lu\u00eds Martins.<\/p>\n<p>A dirigir o Coro Clara Vieira<\/p>\n<p>&nbsp;<\/p>\n","protected":false},"excerpt":{"rendered":"<p>Destaque para 30 de Setembro de 2023 O grupo de Coimbra do Fado Ora\u00e7\u00e3o cantou na missa da b\u00ean\u00e7\u00e3o dos novos estudantes universit\u00e1rios, em Oliveira de Frades, no dia 30 de setembro de 2023. Como novidade, que contribuiu para a melhoria do conjunto, o Coro Local, dirigido por Clara Vieira, <a class=\"read-more\" href=\"https:\/\/www.tertuliadofado.pt\/web\/fado-oracao-oliveira-de-frades\/\">Read More&#8230;<\/a><\/p>\n","protected":false},"author":2,"featured_media":1244,"comment_status":"open","ping_status":"open","sticky":false,"template":"","format":"standard","meta":{"footnotes":""},"categories":[1],"tags":[62,63],"class_list":["post-1242","post","type-post","status-publish","format-standard","has-post-thumbnail","hentry","category-atividades","tag-fado","tag-tertulia"],"aioseo_notices":[],"_links":{"self":[{"href":"https:\/\/www.tertuliadofado.pt\/web\/wp-json\/wp\/v2\/posts\/1242","targetHints":{"allow":["GET"]}}],"collection":[{"href":"https:\/\/www.tertuliadofado.pt\/web\/wp-json\/wp\/v2\/posts"}],"about":[{"href":"https:\/\/www.tertuliadofado.pt\/web\/wp-json\/wp\/v2\/types\/post"}],"author":[{"embeddable":true,"href":"https:\/\/www.tertuliadofado.pt\/web\/wp-json\/wp\/v2\/users\/2"}],"replies":[{"embeddable":true,"href":"https:\/\/www.tertuliadofado.pt\/web\/wp-json\/wp\/v2\/comments?post=1242"}],"version-history":[{"count":2,"href":"https:\/\/www.tertuliadofado.pt\/web\/wp-json\/wp\/v2\/posts\/1242\/revisions"}],"predecessor-version":[{"id":1248,"href":"https:\/\/www.tertuliadofado.pt\/web\/wp-json\/wp\/v2\/posts\/1242\/revisions\/1248"}],"wp:featuredmedia":[{"embeddable":true,"href":"https:\/\/www.tertuliadofado.pt\/web\/wp-json\/wp\/v2\/media\/1244"}],"wp:attachment":[{"href":"https:\/\/www.tertuliadofado.pt\/web\/wp-json\/wp\/v2\/media?parent=1242"}],"wp:term":[{"taxonomy":"category","embeddable":true,"href":"https:\/\/www.tertuliadofado.pt\/web\/wp-json\/wp\/v2\/categories?post=1242"},{"taxonomy":"post_tag","embeddable":true,"href":"https:\/\/www.tertuliadofado.pt\/web\/wp-json\/wp\/v2\/tags?post=1242"}],"curies":[{"name":"wp","href":"https:\/\/api.w.org\/{rel}","templated":true}]}}