{"id":1249,"date":"2023-11-24T17:34:20","date_gmt":"2023-11-24T17:34:20","guid":{"rendered":"https:\/\/www.tertuliadofado.pt\/web\/?p=1249"},"modified":"2026-03-05T17:35:55","modified_gmt":"2026-03-05T17:35:55","slug":"vamos-aos-fados","status":"publish","type":"post","link":"https:\/\/www.tertuliadofado.pt\/web\/vamos-aos-fados\/","title":{"rendered":"VAMOS AOS FADOS"},"content":{"rendered":"<p>Destaque para 24 de Novembro de 2023<\/p>\n<p><img fetchpriority=\"high\" decoding=\"async\" class=\"alignnone size-full wp-image-1250\" src=\"https:\/\/www.tertuliadofado.pt\/web\/wp-content\/uploads\/2026\/03\/2023-11-24.jpg\" alt=\"\" width=\"496\" height=\"372\" srcset=\"https:\/\/www.tertuliadofado.pt\/web\/wp-content\/uploads\/2026\/03\/2023-11-24.jpg 496w, https:\/\/www.tertuliadofado.pt\/web\/wp-content\/uploads\/2026\/03\/2023-11-24-300x225.jpg 300w\" sizes=\"(max-width: 496px) 100vw, 496px\" \/><\/p>\n<p>No dia 24 de Novembro de 2023, realizou-se mais um dos nossos habituais encontros VAMOS AOS FADOS. Desta vez o jantar realizou-se no renovado Restaurante Lagar do Jo\u00e3o Abade (Antiga Adega da Tia Rosa) no BEATO.<\/p>\n<p>Neste conv\u00edvio opt\u00e1mos por ter a colabora\u00e7\u00e3o na parte musical de dois jovens instrumentistas do Fado de Lisboa. Na guitarra portuguesa Andr\u00e9 Silva e na viola de fado Duarte Nunes, que foram muito aplaudidos.<\/p>\n<p>Foi um jantar muito participado, com a lota\u00e7\u00e3o da sala completamente esgotada.<\/p>\n<p>Os fadistas foram os nossos amigos Lu\u00eds Esteves, Lu\u00edsa Carvalhaes, Anabela Paix\u00e3o, Carlos Albino, Gra\u00e7a Serr\u00e3o, F\u00e1tima F\u00e9lix, H\u00e9lder Oliveira e Carlos Reis. Fadista convidda Joana Almeida.<\/p>\n","protected":false},"excerpt":{"rendered":"<p>Destaque para 24 de Novembro de 2023 No dia 24 de Novembro de 2023, realizou-se mais um dos nossos habituais encontros VAMOS AOS FADOS. Desta vez o jantar realizou-se no renovado Restaurante Lagar do Jo\u00e3o Abade (Antiga Adega da Tia Rosa) no BEATO. Neste conv\u00edvio opt\u00e1mos por ter a colabora\u00e7\u00e3o <a class=\"read-more\" href=\"https:\/\/www.tertuliadofado.pt\/web\/vamos-aos-fados\/\">Read More&#8230;<\/a><\/p>\n","protected":false},"author":2,"featured_media":1250,"comment_status":"open","ping_status":"open","sticky":false,"template":"","format":"standard","meta":{"footnotes":""},"categories":[1],"tags":[62,67,66,63],"class_list":["post-1249","post","type-post","status-publish","format-standard","has-post-thumbnail","hentry","category-atividades","tag-fado","tag-jantar","tag-la-musique","tag-tertulia"],"aioseo_notices":[],"_links":{"self":[{"href":"https:\/\/www.tertuliadofado.pt\/web\/wp-json\/wp\/v2\/posts\/1249","targetHints":{"allow":["GET"]}}],"collection":[{"href":"https:\/\/www.tertuliadofado.pt\/web\/wp-json\/wp\/v2\/posts"}],"about":[{"href":"https:\/\/www.tertuliadofado.pt\/web\/wp-json\/wp\/v2\/types\/post"}],"author":[{"embeddable":true,"href":"https:\/\/www.tertuliadofado.pt\/web\/wp-json\/wp\/v2\/users\/2"}],"replies":[{"embeddable":true,"href":"https:\/\/www.tertuliadofado.pt\/web\/wp-json\/wp\/v2\/comments?post=1249"}],"version-history":[{"count":1,"href":"https:\/\/www.tertuliadofado.pt\/web\/wp-json\/wp\/v2\/posts\/1249\/revisions"}],"predecessor-version":[{"id":1251,"href":"https:\/\/www.tertuliadofado.pt\/web\/wp-json\/wp\/v2\/posts\/1249\/revisions\/1251"}],"wp:featuredmedia":[{"embeddable":true,"href":"https:\/\/www.tertuliadofado.pt\/web\/wp-json\/wp\/v2\/media\/1250"}],"wp:attachment":[{"href":"https:\/\/www.tertuliadofado.pt\/web\/wp-json\/wp\/v2\/media?parent=1249"}],"wp:term":[{"taxonomy":"category","embeddable":true,"href":"https:\/\/www.tertuliadofado.pt\/web\/wp-json\/wp\/v2\/categories?post=1249"},{"taxonomy":"post_tag","embeddable":true,"href":"https:\/\/www.tertuliadofado.pt\/web\/wp-json\/wp\/v2\/tags?post=1249"}],"curies":[{"name":"wp","href":"https:\/\/api.w.org\/{rel}","templated":true}]}}