{"id":55,"date":"2023-09-15T12:04:05","date_gmt":"2023-09-15T12:04:05","guid":{"rendered":"https:\/\/www.webfulcreations.com\/themes\/education\/?p=55"},"modified":"2026-03-04T12:08:44","modified_gmt":"2026-03-04T12:08:44","slug":"casa-do-alentejo-15-de-setembro-de-2023","status":"publish","type":"post","link":"https:\/\/www.tertuliadofado.pt\/web\/casa-do-alentejo-15-de-setembro-de-2023\/","title":{"rendered":"CASA DO ALENTEJO 15 de Setembro de 2023"},"content":{"rendered":"<p>No dia 15 de Setembro, realizou-se mais uma Tert\u00falia na Casa do Alentejo, Sala dos Espelhos.<\/p>\n<p><img fetchpriority=\"high\" decoding=\"async\" class=\"alignnone size-full wp-image-1185\" src=\"https:\/\/www.tertuliadofado.pt\/web\/wp-content\/uploads\/2016\/11\/15deSET2023_1.jpg\" alt=\"\" width=\"496\" height=\"372\" srcset=\"https:\/\/www.tertuliadofado.pt\/web\/wp-content\/uploads\/2016\/11\/15deSET2023_1.jpg 496w, https:\/\/www.tertuliadofado.pt\/web\/wp-content\/uploads\/2016\/11\/15deSET2023_1-300x225.jpg 300w\" sizes=\"(max-width: 496px) 100vw, 496px\" \/><\/p>\n<p>Foi convidado de honra o Guitarrista Mestre Ant\u00f3nio Parreira, a quem a Tert\u00falia do Fado e&#8230; da Inquieta\u00e7\u00e3o prestou homenagem, na sua qualidade de guitarrista, compositor e professor com uma longa carreira dedicada \u00e0 pratica \u00e0 divulga\u00e7\u00e3o e ao ensino da guitarra portuguesa.<\/p>\n<p>&nbsp;<\/p>\n<p>Foi um jantar muito concorrido que decorreu nos moldes habituais dos nossos encontros, tendo-se iniciado, ap\u00f3s a refei\u00e7\u00e3o, momento de Coimbra, ouvindo-se as guitarras de Nuno Cadete e de Ant\u00f3nio Sousa Mendes (T\u00f3j\u00f3), a viola de Lu\u00eds Martins e as vozes de Rodrigo Louren\u00e7o, Manuel Relvas, Ant\u00f3nio Pinho e Fernando Coelho Rosa.<\/p>\n<p>&nbsp;<\/p>\n<p>No momento de Lisboa ouviram-se as guitarras portuguesas de Mestre Ant\u00f3nio Parreira e de seu filho Ricardo Parreira e a viola de Fado de Miguel Silva as vozes Anabela Paix\u00e3o, Lu\u00eds Esteves, H\u00e9lder Oliveira, Gra\u00e7a Serr\u00e3o, Carlos Reis, Tom\u00e1s Correia, Agostinho Miranda, Catarina Empis, e Lu\u00edsa Carvalhaes.<\/p>\n<p>&nbsp;<\/p>\n<p>Na homenagem ao Mestre Ant\u00f3nio Parreira, houve oportunidade para ser tocada uma guitarrada de Lisboa, interpretada pelos m\u00fasicos presentes, num momento de profissionalismo e emo\u00e7\u00e3o, tendo toda a assist\u00eancia ovacionado de p\u00e9.<\/p>\n","protected":false},"excerpt":{"rendered":"<p>No dia 15 de Setembro, realizou-se mais uma Tert\u00falia na Casa do Alentejo, Sala dos Espelhos. Foi convidado de honra o Guitarrista Mestre Ant\u00f3nio Parreira, a quem a Tert\u00falia do Fado e&#8230; da Inquieta\u00e7\u00e3o prestou homenagem, na sua qualidade de guitarrista, compositor e professor com uma longa carreira dedicada \u00e0 <a class=\"read-more\" href=\"https:\/\/www.tertuliadofado.pt\/web\/casa-do-alentejo-15-de-setembro-de-2023\/\">Read More&#8230;<\/a><\/p>\n","protected":false},"author":2,"featured_media":1186,"comment_status":"open","ping_status":"open","sticky":false,"template":"","format":"standard","meta":{"footnotes":""},"categories":[1],"tags":[64,62,63],"class_list":["post-55","post","type-post","status-publish","format-standard","has-post-thumbnail","hentry","category-atividades","tag-casa-do-alentejo","tag-fado","tag-tertulia"],"aioseo_notices":[],"_links":{"self":[{"href":"https:\/\/www.tertuliadofado.pt\/web\/wp-json\/wp\/v2\/posts\/55","targetHints":{"allow":["GET"]}}],"collection":[{"href":"https:\/\/www.tertuliadofado.pt\/web\/wp-json\/wp\/v2\/posts"}],"about":[{"href":"https:\/\/www.tertuliadofado.pt\/web\/wp-json\/wp\/v2\/types\/post"}],"author":[{"embeddable":true,"href":"https:\/\/www.tertuliadofado.pt\/web\/wp-json\/wp\/v2\/users\/2"}],"replies":[{"embeddable":true,"href":"https:\/\/www.tertuliadofado.pt\/web\/wp-json\/wp\/v2\/comments?post=55"}],"version-history":[{"count":2,"href":"https:\/\/www.tertuliadofado.pt\/web\/wp-json\/wp\/v2\/posts\/55\/revisions"}],"predecessor-version":[{"id":1184,"href":"https:\/\/www.tertuliadofado.pt\/web\/wp-json\/wp\/v2\/posts\/55\/revisions\/1184"}],"wp:featuredmedia":[{"embeddable":true,"href":"https:\/\/www.tertuliadofado.pt\/web\/wp-json\/wp\/v2\/media\/1186"}],"wp:attachment":[{"href":"https:\/\/www.tertuliadofado.pt\/web\/wp-json\/wp\/v2\/media?parent=55"}],"wp:term":[{"taxonomy":"category","embeddable":true,"href":"https:\/\/www.tertuliadofado.pt\/web\/wp-json\/wp\/v2\/categories?post=55"},{"taxonomy":"post_tag","embeddable":true,"href":"https:\/\/www.tertuliadofado.pt\/web\/wp-json\/wp\/v2\/tags?post=55"}],"curies":[{"name":"wp","href":"https:\/\/api.w.org\/{rel}","templated":true}]}}