{"id":71,"date":"2024-03-22T13:41:53","date_gmt":"2024-03-22T13:41:53","guid":{"rendered":"https:\/\/www.webfulcreations.com\/themes\/education\/?p=71"},"modified":"2026-03-04T12:08:40","modified_gmt":"2026-03-04T12:08:40","slug":"casa-do-alentejo-22-de-marco-de-2024","status":"publish","type":"post","link":"https:\/\/www.tertuliadofado.pt\/web\/casa-do-alentejo-22-de-marco-de-2024\/","title":{"rendered":"CASA DO ALENTEJO 22 de Mar\u00e7o de 2024"},"content":{"rendered":"<p>No dia 22 de Mar\u00e7o de 2024, realizou-se mais uma das nossas habituais Tert\u00falias na Sala dos Espelhos da Casa do Alentejo.<\/p>\n<p><img fetchpriority=\"high\" decoding=\"async\" class=\"alignnone size-full wp-image-1180\" src=\"https:\/\/www.tertuliadofado.pt\/web\/wp-content\/uploads\/2016\/11\/22deMarco2024Foto2.jpg\" alt=\"\" width=\"700\" height=\"358\" srcset=\"https:\/\/www.tertuliadofado.pt\/web\/wp-content\/uploads\/2016\/11\/22deMarco2024Foto2.jpg 700w, https:\/\/www.tertuliadofado.pt\/web\/wp-content\/uploads\/2016\/11\/22deMarco2024Foto2-300x153.jpg 300w\" sizes=\"(max-width: 700px) 100vw, 700px\" \/> <img decoding=\"async\" class=\"alignnone size-full wp-image-1181\" src=\"https:\/\/www.tertuliadofado.pt\/web\/wp-content\/uploads\/2016\/11\/22deMarco2024Foto3.jpg\" alt=\"\" width=\"496\" height=\"245\" srcset=\"https:\/\/www.tertuliadofado.pt\/web\/wp-content\/uploads\/2016\/11\/22deMarco2024Foto3.jpg 496w, https:\/\/www.tertuliadofado.pt\/web\/wp-content\/uploads\/2016\/11\/22deMarco2024Foto3-300x148.jpg 300w\" sizes=\"(max-width: 496px) 100vw, 496px\" \/><\/p>\n<p>&nbsp;<\/p>\n<p>Neste primeiro encontro de 2024, a actual Direc\u00e7\u00e3o da Tert\u00falia do Fado e da Inquieta\u00e7\u00e3o quis prestar uma homenagem aos antigos presidentes da Direc\u00e7\u00e3o, com a oferta de um trof\u00e9u da TFI, a simbolizar os seus 20 anos de actividade ininterrupta. Estavam presentes os tr\u00eas antigos presidentes, Manuel Marques In\u00e1cio, Tom\u00e1s Correia e Manuel Relvas.<\/p>\n<p>Foi um jantar muito participado, com a lota\u00e7\u00e3o da sala completamente esgotada, cujo alinhamento decorreu nos moldes habituais dos nossos encontros, tendo-se iniciado, ap\u00f3s a refei\u00e7\u00e3o, com o momento da entrega dos trof\u00e9us.<\/p>\n<p>Seguiu-se a parte art\u00edstica com a Can\u00e7\u00e3o de Coimbra, ouvindo-se as guitarras de Nuno Cadete e de Ant\u00f3nio Sousa Mendes (T\u00f3j\u00f3), a viola de Lu\u00eds Martins e as vozes de Manuel Relvas, Rodrigo Louren\u00e7o, Margarida Pardal e Jos\u00e9 Diniz Vieira.<\/p>\n<p>&nbsp;<\/p>\n<p>No momento de Fado de Lisboa estiveram connosco na guitarra portuguesa Lu\u00eds Ribeiro e na viola de fado de Pedro Salt\u00e3o e as vozes de Lu\u00eds Esteves, Tom\u00e1s Correia, Agostinho Miranda, Catarina Empis, Lu\u00edsa Carvalhaes, Anabela Paix\u00e3o, Carlos Albino, Helena Favila, H\u00e9lder Oliveira, Cristina Vi\u00e7oso, Mariana Diniz Vieira e In\u00eas Louren\u00e7o.<\/p>\n","protected":false},"excerpt":{"rendered":"<p>No dia 22 de Mar\u00e7o de 2024, realizou-se mais uma das nossas habituais Tert\u00falias na Sala dos Espelhos da Casa do Alentejo. &nbsp; Neste primeiro encontro de 2024, a actual Direc\u00e7\u00e3o da Tert\u00falia do Fado e da Inquieta\u00e7\u00e3o quis prestar uma homenagem aos antigos presidentes da Direc\u00e7\u00e3o, com a oferta <a class=\"read-more\" href=\"https:\/\/www.tertuliadofado.pt\/web\/casa-do-alentejo-22-de-marco-de-2024\/\">Read More&#8230;<\/a><\/p>\n","protected":false},"author":2,"featured_media":1179,"comment_status":"open","ping_status":"open","sticky":false,"template":"","format":"standard","meta":{"footnotes":""},"categories":[1],"tags":[64,62,63],"class_list":["post-71","post","type-post","status-publish","format-standard","has-post-thumbnail","hentry","category-atividades","tag-casa-do-alentejo","tag-fado","tag-tertulia"],"aioseo_notices":[],"_links":{"self":[{"href":"https:\/\/www.tertuliadofado.pt\/web\/wp-json\/wp\/v2\/posts\/71","targetHints":{"allow":["GET"]}}],"collection":[{"href":"https:\/\/www.tertuliadofado.pt\/web\/wp-json\/wp\/v2\/posts"}],"about":[{"href":"https:\/\/www.tertuliadofado.pt\/web\/wp-json\/wp\/v2\/types\/post"}],"author":[{"embeddable":true,"href":"https:\/\/www.tertuliadofado.pt\/web\/wp-json\/wp\/v2\/users\/2"}],"replies":[{"embeddable":true,"href":"https:\/\/www.tertuliadofado.pt\/web\/wp-json\/wp\/v2\/comments?post=71"}],"version-history":[{"count":4,"href":"https:\/\/www.tertuliadofado.pt\/web\/wp-json\/wp\/v2\/posts\/71\/revisions"}],"predecessor-version":[{"id":1178,"href":"https:\/\/www.tertuliadofado.pt\/web\/wp-json\/wp\/v2\/posts\/71\/revisions\/1178"}],"wp:featuredmedia":[{"embeddable":true,"href":"https:\/\/www.tertuliadofado.pt\/web\/wp-json\/wp\/v2\/media\/1179"}],"wp:attachment":[{"href":"https:\/\/www.tertuliadofado.pt\/web\/wp-json\/wp\/v2\/media?parent=71"}],"wp:term":[{"taxonomy":"category","embeddable":true,"href":"https:\/\/www.tertuliadofado.pt\/web\/wp-json\/wp\/v2\/categories?post=71"},{"taxonomy":"post_tag","embeddable":true,"href":"https:\/\/www.tertuliadofado.pt\/web\/wp-json\/wp\/v2\/tags?post=71"}],"curies":[{"name":"wp","href":"https:\/\/api.w.org\/{rel}","templated":true}]}}